{"id":159755,"date":"2026-07-24T09:27:49","date_gmt":"2026-07-24T07:27:49","guid":{"rendered":"https:\/\/murena.com\/comment-fonctionne-fairphone-moments-avec-e-os-sur-le-fairphone-gen-6\/"},"modified":"2026-09-02T16:48:51","modified_gmt":"2026-09-02T14:48:51","slug":"how-fairphone-moments-works-with-e-os-on-the-fairphone-gen-6","status":"publish","type":"post","link":"https:\/\/murena.com\/fr\/how-fairphone-moments-works-with-e-os-on-the-fairphone-gen-6\/","title":{"rendered":"Comment fonctionne Fairphone Moments avec \/e\/OS sur le Fairphone (Gen. 6)"},"content":{"rendered":"\n<h1 class=\"wp-block-heading\"><strong>Comment fonctionne Fairphone Moments avec \/e\/OS sur le Fairphone (Gen. 6)<\/strong><\/h1>\n\n<p>Sur divers forums et r\u00e9seaux sociaux, on retrouve souvent la m\u00eame question l\u00e9gitime : <\/p>\n\n<h3 class=\"wp-block-heading\">Le bouton Fairphone Moments \u2014 celui qui active le mode minimaliste personnalisable du Fairphone (Gen. 6) \u2014 fonctionne-t-il avec \/e\/OS de Murena ? <\/h3>\n\n<p>La r\u00e9ponse est clairement OUI.<\/p>\n\n<p>Oui, le bouton Fairphone Moments fonctionne parfaitement avec \/e\/OS de Murena sur le Fairphone (Gen. 6) et peut \u00eatre personnalis\u00e9 exactement comme sur un appareil avec Google Android.<\/p>\n\n<p>Dans cet article, nous r\u00e9pondons \u00e0 ces questions en d\u00e9tail : <\/p>\n\n<ul class=\"wp-block-list\">\n<li><a href=\"https:\/\/murena.com\/fr\/how-fairphone-moments-works-with-e-os-on-the-fairphone-gen-6\/#what\">Qu&rsquo;est-ce que Fairphone Moments ?<\/a><\/li>\n\n\n\n<li><a href=\"https:\/\/murena.com\/fr\/how-fairphone-moments-works-with-e-os-on-the-fairphone-gen-6\/#work\">Est-ce que Fairphone Moments fonctionne avec \/e\/OS de Murena ?<\/a><\/li>\n\n\n\n<li><a href=\"https:\/\/murena.com\/fr\/how-fairphone-moments-works-with-e-os-on-the-fairphone-gen-6\/#how\">Comment configurer Fairphone Moments avec \/e\/OS de Murena ?<\/a><\/li>\n\n\n\n<li><a href=\"https:\/\/murena.com\/fr\/how-fairphone-moments-works-with-e-os-on-the-fairphone-gen-6\/#discover\">D\u00e9couvrir le Fairphone (Gen.6) avec \/e\/OS<\/a><\/li>\n<\/ul>\n\n<h2 class=\"wp-block-heading\" id=\"what\">Qu&rsquo;est-ce que Fairphone Moments ?<\/h2>\n\n<p>Aujourd&rsquo;hui, nous sommes habitu\u00e9s \u00e0 \u00eatre constamment connect\u00e9s au monde ext\u00e9rieur. Notifications sur nos montres connect\u00e9es, vibrations r\u00e9p\u00e9titives dans un bureau\u2026 M\u00eame dans la salle d&rsquo;attente du m\u00e9decin, le son d&rsquo;un smartphone est devenu une norme. <\/p>\n\n<p>Pourtant, des \u00e9tudes ont confirm\u00e9 qu&rsquo;une simple notification \u2014 qu&rsquo;elle vienne de votre propre smartphone ou de celui d&rsquo;un tiers \u2014 provoque une interruption cognitive imm\u00e9diate qui alt\u00e8re concentration et performance, comparable \u00e0 l&rsquo;utilisation active du dispositif, m\u00eame SANS le regarder. [*] <\/p>\n\n<p>Une bonne raison de se d\u00e9connecter de temps en temps, n&rsquo;est-ce pas ?<\/p>\n\n<p>L&rsquo;\u00e9quipe de Fairphone doutait que ses clients aient envie de vivre leur vie en mode avion. C&rsquo;est pourquoi elle a mis au point le bouton Moments : un bouton lat\u00e9ral personnalisable sur le Fairphone (6e g\u00e9n\u00e9ration), facilement accessible, qui permet de passer \u00e0 une exp\u00e9rience smartphone minimaliste : le mode \u00ab Focus \u00bb du Fairphone 6. <\/p>\n\n<h2 class=\"wp-block-heading\" id=\"work\">Est-ce que Fairphone Moments fonctionne avec \/e\/OS de Murena ? <\/h2>\n\n<p><strong>Oui, le bouton Fairphone Moments fonctionne parfaitement avec \/e\/OS de Murena sur le Fairphone (Gen. 6) et peut \u00eatre personnalis\u00e9 exactement comme sur un appareil avec Google Android.<\/strong><\/p>\n\n<p>Sur la version de Murena du Fairphone (Gen. 6) avec \/e\/OS, le bouton servait auparavant de \u00ab kill switch \u00bb logiciel d\u00e9sactivant instantan\u00e9ment microphone et cam\u00e9ras. D\u00e9sormais, il se configure selon vos besoins : activer le mode minimaliste, basculer en mode confidentialit\u00e9 ou choisir toute autre fonction. <\/p>\n\n<p>Cela montre une fois de plus que le mat\u00e9riel \u00e9thique et les logiciels \u00e9thiques vont de pair : tandis que \/e\/OS prot\u00e8ge votre vie priv\u00e9e contre les traceurs, le mat\u00e9riel durable de Fairphone vous offre encore plus de tranquillit\u00e9 d&rsquo;esprit et vous permet de vous concentrer davantage gr\u00e2ce au mode \u00ab Focus \u00bb du Fairphone 6.<\/p>\n\n<h2 class=\"wp-block-heading\" id=\"how\">Comment configurer Fairphone Moments avec \/e\/OS de Murena ? <\/h2>\n\n<p>Par d\u00e9faut, le bouton lat\u00e9ral du Fairphone (Gen. 6) avec \/e\/OS de Murena agit comme un \u00ab kill switch \u00bb logiciel qui d\u00e9sactive toutes les cam\u00e9ras et le microphone. Pour le personnaliser sur votre appareil avec \/e\/OS, allez dans<br\/>Param\u00e8tres &gt; Syst\u00e8me &gt; Boutons et cherchez \u00ab <strong>Bouton physique<\/strong> \u00bb. Juste en dessous, choisissez l&rsquo;action de ce bouton.  <\/p>\n\n<div style=\"height:100px\" aria-hidden=\"true\" class=\"wp-block-spacer\"><\/div>\n\n<figure class=\"wp-block-image size-full is-resized\"><img loading=\"lazy\" decoding=\"async\" width=\"575\" height=\"1280\" src=\"https:\/\/murena.com\/wp-content\/uploads\/2026\/07\/image.png\" alt=\"\" class=\"wp-image-159631\" style=\"width:497px;height:auto\" srcset=\"https:\/\/murena.com\/wp-content\/uploads\/2026\/07\/image.png 575w, https:\/\/murena.com\/wp-content\/uploads\/2026\/07\/image-60x134.png 60w\" sizes=\"auto, (max-width: 575px) 100vw, 575px\" \/><\/figure>\n\n<div style=\"height:100px\" aria-hidden=\"true\" class=\"wp-block-spacer\"><\/div>\n\n<h3 class=\"wp-block-heading\">Quelles sont les options du bouton de votre Fairphone (Gen.6) avec \/e\/OS ? <\/h3>\n\n<p>Dans le menu \u00ab Action du bouton \u00bb, vous avez le choix entre diff\u00e9rents modes :<\/p>\n\n<div style=\"height:100px\" aria-hidden=\"true\" class=\"wp-block-spacer\"><\/div>\n\n<figure class=\"wp-block-table\"><table class=\"has-fixed-layout\"><tbody><tr><td><strong>Option<\/strong><\/td><td><strong>Description<\/strong><\/td><td><strong>Id\u00e9al pour<\/strong><\/td><\/tr><tr><td>Confidentialit\u00e9 des capteurs<\/td><td>Active\/d\u00e9sactive la cam\u00e9ra et le microphone<\/td><td>Utilisateurs soucieux de la protection de leur vie priv\u00e9e<\/td><\/tr><tr><td>Fairphone Moments<\/td><td>Actions personnalisables<\/td><td>Une flexibilit\u00e9 totale<\/td><\/tr><tr><td>Ne pas d\u00e9ranger<\/td><td>D\u00e9sactive toutes les notifications<\/td><td>Moments qui exigent de la concentration<\/td><\/tr><tr><td>Mode avion<\/td><td>D\u00e9sactive toutes les connexions<\/td><td>Voyager ou dormir paisiblement<\/td><\/tr><tr><td>Lampe torche<\/td><td>Active la lampe de poche<\/td><td>Aventures et situations d&rsquo;urgence<\/td><\/tr><tr><td>Mode sombre et clair<\/td><td>Active\/d\u00e9sactive le th\u00e8me d&rsquo;affichage<\/td><td>Utilisateurs sensibles \u00e0 la lumi\u00e8re<\/td><\/tr><tr><td>\u00c9conomiseur de batterie<\/td><td>Active le mode \u00e9conomie d&rsquo;\u00e9nergie<\/td><td>Longs trajets sans recharge<\/td><\/tr><\/tbody><\/table><\/figure>\n\n<div style=\"height:100px\" aria-hidden=\"true\" class=\"wp-block-spacer\"><\/div>\n\n<figure class=\"wp-block-image size-full\"><img loading=\"lazy\" decoding=\"async\" width=\"575\" height=\"1280\" src=\"https:\/\/murena.com\/wp-content\/uploads\/2026\/07\/image-1.png\" alt=\"\" class=\"wp-image-159632\" srcset=\"https:\/\/murena.com\/wp-content\/uploads\/2026\/07\/image-1.png 575w, https:\/\/murena.com\/wp-content\/uploads\/2026\/07\/image-1-60x134.png 60w\" sizes=\"auto, (max-width: 575px) 100vw, 575px\" \/><\/figure>\n\n<div style=\"height:100px\" aria-hidden=\"true\" class=\"wp-block-spacer\"><\/div>\n\n<p>Une fois que vous avez choisi votre mode pr\u00e9f\u00e9r\u00e9, il s&rsquo;active d\u00e8s que vous appuyez sur le bouton lat\u00e9ral de votre appareil.<\/p>\n\n<p>Maintenant que nous avons lev\u00e9 le dernier doute qui vous emp\u00eachait de choisir \/e\/OS plut\u00f4t que Google Android : <\/p>\n\n<h3 class=\"wp-block-heading\" id=\"discover\"><a href=\"https:\/\/murena.com\/fr\/boutique\/smartphones\/neuf\/murena-fairphone-6\/\" target=\"_blank\" rel=\"noreferrer noopener\">D\u00e9couvrez le Fairphone (Gen.6) avec \/e\/OS de Murena sur notre site web<\/a><\/h3>\n\n<p>Ou, pour les lecteurs aux \u00c9tats-Unis :<a href=\"https:\/\/murena.com\/america\/shop\/smartphones\/brand-new\/murena-fairphone-6\/\"> <\/a><\/p>\n\n<h3 class=\"wp-block-heading\"><a href=\"https:\/\/murena.com\/america\/shop\/smartphones\/brand-new\/murena-fairphone-6\/\" target=\"_blank\" rel=\"noreferrer noopener\">Rendez-vous sur notre boutique aux \u00c9tats-Unis<\/a><\/h3>\n\n<p>Comment allez-vous personnaliser votre bouton lat\u00e9ral ? Pr\u00e9f\u00e9rez-vous le kill switch ou le mode minimaliste ? Partagez votre choix dans les commentaires !   <\/p>\n\n<div class=\"wp-block-wpseopress-faq-block-v2 is-layout-flow wp-block-faq-block-v2-is-layout-flow\">\n<details id=\"does-fairphone-moments-work-with-e-os\" class=\"wp-block-details is-layout-flow wp-block-details-is-layout-flow\"><summary><strong><strong>L&rsquo;application Fairphone Moments fonctionne-t-elle avec \/e\/OS ?<\/strong><\/strong><\/summary>\n<p>Oui, Fairphone Moments fonctionne parfaitement avec \/e\/OS : que ce soit comme \u00ab kill switch \u00bb en un clic pour d\u00e9sactiver l&rsquo;appareil photo et le microphone, ou comme outil personnalisable pour une exp\u00e9rience smartphone minimaliste.<\/p>\n<\/details>\n\n\n\n<details id=\"any-other-question\" class=\"wp-block-details is-layout-flow wp-block-details-is-layout-flow\"><summary>D&rsquo;autres questions ?  <\/summary>\n<p>N&rsquo;h\u00e9sitez pas \u00e0 le mentionner dans les commentaires.  <\/p>\n<\/details>\n<script type=\"application\/ld+json\">{\"@context\":\"https:\/\/schema.org\",\"@type\":\"FAQPage\",\"url\":\"https:\/\/murena.com\/how-fairphone-moments-works-with-e-os-on-the-fairphone-gen-6\/\",\"@id\":\"https:\/\/murena.com\/how-fairphone-moments-works-with-e-os-on-the-fairphone-gen-6\/\",\"mainEntity\":[{\"@type\":\"Question\",\"url\":\"https:\/\/murena.com\/how-fairphone-moments-works-with-e-os-on-the-fairphone-gen-6\/#does-fairphone-moments-work-with-e-os\",\"name\":\"Does Fairphone Moments work with \/e\/OS?\",\"answerCount\":1,\"acceptedAnswer\":{\"@type\":\"Answer\",\"text\":\"&lt;p>Yes, Fairphone Moments works perfectly with \/e\/OS \u2013 either as a one-click kill switch for camera and microphone, or as a customizable tool for a minimalist smartphone experience.&lt;\/p>\"}},{\"@type\":\"Question\",\"url\":\"https:\/\/murena.com\/how-fairphone-moments-works-with-e-os-on-the-fairphone-gen-6\/#any-other-question\",\"name\":\"Any other question?\",\"answerCount\":1,\"acceptedAnswer\":{\"@type\":\"Answer\",\"text\":\"&lt;p>Feel free to leave it in the comments. &lt;\/p>\"}}]}<\/script><\/div>\n\n<p><\/p>\n\n<p><em>*https:\/\/carystothart.com\/publications\/attentional-cost-cell-phone-notification<\/em><\/p>\n\n<p><\/p>\n","protected":false},"excerpt":{"rendered":"<p>Comment fonctionne Fairphone Moments avec \/e\/OS sur le Fairphone (Gen. 6) Sur divers forums et&#8230;<\/p>\n","protected":false},"author":278235,"featured_media":159754,"comment_status":"open","ping_status":"open","sticky":false,"template":"","format":"standard","meta":{"_seopress_robots_primary_cat":"none","_seopress_titles_title":"Le bouton Fairphone Moments fonctionne-t-il avec \/e\/OS de Murena ?","_seopress_titles_desc":"Oui ! Le bouton Fairphone Moments est compatible avec \/e\/OS sur le Fairphone (Gen. 6). Personnalisez-le pour confidentialit\u00e9, concentration et bien plus !   ","_seopress_robots_index":"","footnotes":""},"categories":[936],"tags":[],"class_list":["post-159755","post","type-post","status-publish","format-standard","has-post-thumbnail","hentry","category-article-blog","wpbf-post"],"_links":{"self":[{"href":"https:\/\/murena.com\/fr\/wp-json\/wp\/v2\/posts\/159755","targetHints":{"allow":["GET"]}}],"collection":[{"href":"https:\/\/murena.com\/fr\/wp-json\/wp\/v2\/posts"}],"about":[{"href":"https:\/\/murena.com\/fr\/wp-json\/wp\/v2\/types\/post"}],"author":[{"embeddable":true,"href":"https:\/\/murena.com\/fr\/wp-json\/wp\/v2\/users\/278235"}],"replies":[{"embeddable":true,"href":"https:\/\/murena.com\/fr\/wp-json\/wp\/v2\/comments?post=159755"}],"version-history":[{"count":15,"href":"https:\/\/murena.com\/fr\/wp-json\/wp\/v2\/posts\/159755\/revisions"}],"predecessor-version":[{"id":164807,"href":"https:\/\/murena.com\/fr\/wp-json\/wp\/v2\/posts\/159755\/revisions\/164807"}],"wp:featuredmedia":[{"embeddable":true,"href":"https:\/\/murena.com\/fr\/wp-json\/wp\/v2\/media\/159754"}],"wp:attachment":[{"href":"https:\/\/murena.com\/fr\/wp-json\/wp\/v2\/media?parent=159755"}],"wp:term":[{"taxonomy":"category","embeddable":true,"href":"https:\/\/murena.com\/fr\/wp-json\/wp\/v2\/categories?post=159755"},{"taxonomy":"post_tag","embeddable":true,"href":"https:\/\/murena.com\/fr\/wp-json\/wp\/v2\/tags?post=159755"}],"curies":[{"name":"wp","href":"https:\/\/api.w.org\/{rel}","templated":true}]}}